{"id":856,"date":"2024-02-28T23:22:36","date_gmt":"2024-02-28T22:22:36","guid":{"rendered":"https:\/\/www.icpriverno.edu.it\/scuola\/?p=856"},"modified":"2024-06-02T14:00:28","modified_gmt":"2024-06-02T12:00:28","slug":"8-marzo-2024-giornata-internazionale-dei-diritti-della-donna","status":"publish","type":"post","link":"https:\/\/www.icpriverno.edu.it\/scuola\/8-marzo-2024-giornata-internazionale-dei-diritti-della-donna\/","title":{"rendered":"8 MARZO 2024 GIORNATA INTERNAZIONALE DEI DIRITTI DELLA DONNA"},"content":{"rendered":"<p style=\"text-align: center;\"><strong>Libera<\/strong><\/p>\n<p>&nbsp;<\/p>\n<p>Nella giornata internazionale dei diritti delle donne- che non \u00e8, mamma mia! la festa delle donne- l\u2019I.C. San Tommaso d\u2019Aquino di Priverno-Prossedi ha inteso ascoltare le storie di alcune donne che, tra \u201cguerra e pace\u201d, hanno fatto della disobbedienza civile e della forza delle loro idee il motore di una rivoluzione intensa e inarrestabile, purtroppo ancora necessaria e da perseguire in molte realt\u00e0 neppure troppo distanti da noi. Queste storie di donne \u201cstraordinariamente\u201d forti e che spesso hanno pagato in prima persona il loro coraggio, sono arrivate a Priverno raccontate dalla voce della scrittrice ed interprete Cecilia Lavatore e dalla voce e musica della cantautrice Marta La Noce, due talentuose e giovani donne, impegnate in temi di alto spessore sociale. Il loro spettacolo, \u201cLIBERA\u201d con la regia di Marco Zordan, in tourn\u00e9e in diverse regione d\u2019 Italia, \u00e8 stato fortemente voluto per tutti i ragazzi e le ragazze del suo istituto dalla dirigente scolastica del San Tommaso d\u2019Aquino, dott.ssa Tina Immacolata Abbate e dalla prof.ssa Vania Marteddu che si \u00e8 fatta promotrice dell\u2019evento. Nella mattinata di venerd\u00ec 8 marzo tutti gli alunni delle classi della SS1 grado (ben 250) si sono recati presso il teatro \u201cGigi Proietti\u201d, nel cuore del loro paese, per essere spettatori \u201cattivi\u201d di una performance artistica in parole e musica sulla parit\u00e0 dei diritti. Alla presenza della Sindaca, dott.ssa Anna Maria Bilancia, dell\u2019assessore alle politiche giovanili, Yuri Musilli, della rappresentante dell\u2019associazione \u201cFemineus\u201d Nunzia Macci, sono state raccontate le vite di Mahsa Amini, Yusra Mardini, Luciana Romoli, e tante altre donne che hanno trovato nella ribellione la via per il riconoscimento di diritti validi per tutti e tutte. Non una carrellata di biografie, quindi, ma un monito per la ricerca della Verit\u00e0 senza compromessi e senza sopraffazioni. Una voce forte quella delle interpreti, Cecilia e Marta, che \u00e8 divenuta sempre pi\u00f9 corale per l\u2019intenso coinvolgimento degli studenti, capaci di cogliere nel valore di queste vite la forza per l\u2019autodeterminazione del proprio percorso esistenziale e per la denuncia delle ingiustizie. Al termine dello spettacolo i ragazzi e le ragazze dell\u2019istituto hanno condiviso la lettura di poesie e riflessioni personali, scaturite dalla lettura del libro \u201cMia sorella \u00e8 figlia unica\u201d di Cecilia Lavatore, il libro da cui gli insegnanti della scuola hanno iniziato questo \u201cincontro\u201d .<\/p>\n<p><img loading=\"lazy\" decoding=\"async\" class=\"alignnone size-medium wp-image-976\" src=\"http:\/\/www.icpriverno.edu.it\/scuola\/wp-content\/uploads\/2024\/02\/IMG-20240311-WA0005-300x214.jpg\" alt=\"\" width=\"300\" height=\"214\" srcset=\"https:\/\/www.icpriverno.edu.it\/scuola\/wp-content\/uploads\/2024\/02\/IMG-20240311-WA0005-300x214.jpg 300w, https:\/\/www.icpriverno.edu.it\/scuola\/wp-content\/uploads\/2024\/02\/IMG-20240311-WA0005-351x250.jpg 351w, https:\/\/www.icpriverno.edu.it\/scuola\/wp-content\/uploads\/2024\/02\/IMG-20240311-WA0005.jpg 720w\" sizes=\"auto, (max-width: 300px) 100vw, 300px\" \/> <img loading=\"lazy\" decoding=\"async\" class=\"alignnone size-medium wp-image-977\" src=\"http:\/\/www.icpriverno.edu.it\/scuola\/wp-content\/uploads\/2024\/02\/IMG-20240311-WA0003-226x300.jpg\" alt=\"\" width=\"226\" height=\"300\" srcset=\"https:\/\/www.icpriverno.edu.it\/scuola\/wp-content\/uploads\/2024\/02\/IMG-20240311-WA0003-226x300.jpg 226w, https:\/\/www.icpriverno.edu.it\/scuola\/wp-content\/uploads\/2024\/02\/IMG-20240311-WA0003-188x250.jpg 188w, https:\/\/www.icpriverno.edu.it\/scuola\/wp-content\/uploads\/2024\/02\/IMG-20240311-WA0003.jpg 720w\" sizes=\"auto, (max-width: 226px) 100vw, 226px\" \/> <img loading=\"lazy\" decoding=\"async\" class=\"alignnone size-medium wp-image-978\" src=\"http:\/\/www.icpriverno.edu.it\/scuola\/wp-content\/uploads\/2024\/02\/IMG-20240311-WA0004-300x169.jpg\" alt=\"\" width=\"300\" height=\"169\" srcset=\"https:\/\/www.icpriverno.edu.it\/scuola\/wp-content\/uploads\/2024\/02\/IMG-20240311-WA0004-300x169.jpg 300w, https:\/\/www.icpriverno.edu.it\/scuola\/wp-content\/uploads\/2024\/02\/IMG-20240311-WA0004-444x250.jpg 444w, https:\/\/www.icpriverno.edu.it\/scuola\/wp-content\/uploads\/2024\/02\/IMG-20240311-WA0004.jpg 720w\" sizes=\"auto, (max-width: 300px) 100vw, 300px\" \/> <img loading=\"lazy\" decoding=\"async\" class=\"alignnone size-medium wp-image-980\" src=\"http:\/\/www.icpriverno.edu.it\/scuola\/wp-content\/uploads\/2024\/02\/IMG-20240311-WA0001-300x204.jpg\" alt=\"\" width=\"300\" height=\"204\" srcset=\"https:\/\/www.icpriverno.edu.it\/scuola\/wp-content\/uploads\/2024\/02\/IMG-20240311-WA0001-300x204.jpg 300w, https:\/\/www.icpriverno.edu.it\/scuola\/wp-content\/uploads\/2024\/02\/IMG-20240311-WA0001-368x250.jpg 368w, https:\/\/www.icpriverno.edu.it\/scuola\/wp-content\/uploads\/2024\/02\/IMG-20240311-WA0001.jpg 720w\" sizes=\"auto, (max-width: 300px) 100vw, 300px\" \/><\/p>\n","protected":false},"excerpt":{"rendered":"<p>Libera &nbsp; Nella giornata internazionale dei diritti delle donne- che non \u00e8, mamma mia! la festa delle donne- l\u2019I.C. San Tommaso d\u2019Aquino di Priverno-Prossedi ha inteso ascoltare le storie di alcune donne che, tra \u201cguerra e [&hellip;]<\/p>\n","protected":false},"author":4,"featured_media":0,"comment_status":"closed","ping_status":"open","sticky":false,"template":"","format":"standard","meta":{"footnotes":"","_members_access_role":[],"_members_access_error":""},"tags":[620],"class_list":["post-856","post","type-post","status-publish","format-standard","hentry","tag-eventi"],"_links":{"self":[{"href":"https:\/\/www.icpriverno.edu.it\/scuola\/wp-json\/wp\/v2\/posts\/856","targetHints":{"allow":["GET"]}}],"collection":[{"href":"https:\/\/www.icpriverno.edu.it\/scuola\/wp-json\/wp\/v2\/posts"}],"about":[{"href":"https:\/\/www.icpriverno.edu.it\/scuola\/wp-json\/wp\/v2\/types\/post"}],"author":[{"embeddable":true,"href":"https:\/\/www.icpriverno.edu.it\/scuola\/wp-json\/wp\/v2\/users\/4"}],"replies":[{"embeddable":true,"href":"https:\/\/www.icpriverno.edu.it\/scuola\/wp-json\/wp\/v2\/comments?post=856"}],"version-history":[{"count":6,"href":"https:\/\/www.icpriverno.edu.it\/scuola\/wp-json\/wp\/v2\/posts\/856\/revisions"}],"predecessor-version":[{"id":981,"href":"https:\/\/www.icpriverno.edu.it\/scuola\/wp-json\/wp\/v2\/posts\/856\/revisions\/981"}],"wp:attachment":[{"href":"https:\/\/www.icpriverno.edu.it\/scuola\/wp-json\/wp\/v2\/media?parent=856"}],"wp:term":[{"taxonomy":"post_tag","embeddable":true,"href":"https:\/\/www.icpriverno.edu.it\/scuola\/wp-json\/wp\/v2\/tags?post=856"}],"curies":[{"name":"wp","href":"https:\/\/api.w.org\/{rel}","templated":true}]}}