{"id":2172,"date":"2024-07-17T22:27:40","date_gmt":"2024-07-17T20:27:40","guid":{"rendered":"https:\/\/www.icpriverno.edu.it\/scuola\/?p=2172"},"modified":"2024-07-21T18:50:10","modified_gmt":"2024-07-21T16:50:10","slug":"orario-di-apertura-al-pubblico-degli-uffici-di-segreteria","status":"publish","type":"post","link":"https:\/\/www.icpriverno.edu.it\/scuola\/orario-di-apertura-al-pubblico-degli-uffici-di-segreteria\/","title":{"rendered":"Orario di apertura al pubblico degli Uffici di segreteria"},"content":{"rendered":"<p>Si comunica a tutti gli interessati che, nei mesi di luglio e agosto gli Uffici di segreteria sono aperti al pubblico nei giorni feriali, dal luned\u00ec al venerd\u00ec, dalle ore 9.30-11.30. Per tutte le richieste di informazioni \u00e8 possibile inviare email a:<\/p>\n<p style=\"text-align: left;\"><strong> ltic83600g@istruzione.it<\/strong><br \/>\nSi ricorda che su delibera del Consiglio di Istituto gli Uffici di segreteria saranno chiusi nei giorni del 14 e 15 agosto 2024. Per richiedere un appuntamento con la dirigente scolastica, prof.ssa Tina Immacolata Abbate \u00e8 possibile inviare una email a:<\/p>\n<p style=\"text-align: left;\"><strong>ltic83600g@istruzione.it <\/strong><\/p>\n<p style=\"text-align: left;\">o telefonare in orario di apertura al pubblico al numero<\/p>\n<p style=\"text-align: left;\"><strong>0773\/904555<\/strong><\/p>\n<p style=\"text-align: right;\">Il dirigente scolastico<br \/>\nTina Immacolata Abbate<\/p>\n","protected":false},"excerpt":{"rendered":"<p>Si comunica a tutti gli interessati che, nei mesi di luglio e agosto gli Uffici di segreteria sono aperti al pubblico nei giorni feriali, dal luned\u00ec al venerd\u00ec, dalle ore 9.30-11.30. Per tutte le richieste di [&hellip;]<\/p>\n","protected":false},"author":4,"featured_media":0,"comment_status":"closed","ping_status":"open","sticky":false,"template":"","format":"standard","meta":{"footnotes":"","_members_access_role":[],"_members_access_error":""},"tags":[644],"class_list":["post-2172","post","type-post","status-publish","format-standard","hentry","tag-avvisi","tipologia-articolo-avviso-per-alunni-e-famiglie"],"_links":{"self":[{"href":"https:\/\/www.icpriverno.edu.it\/scuola\/wp-json\/wp\/v2\/posts\/2172","targetHints":{"allow":["GET"]}}],"collection":[{"href":"https:\/\/www.icpriverno.edu.it\/scuola\/wp-json\/wp\/v2\/posts"}],"about":[{"href":"https:\/\/www.icpriverno.edu.it\/scuola\/wp-json\/wp\/v2\/types\/post"}],"author":[{"embeddable":true,"href":"https:\/\/www.icpriverno.edu.it\/scuola\/wp-json\/wp\/v2\/users\/4"}],"replies":[{"embeddable":true,"href":"https:\/\/www.icpriverno.edu.it\/scuola\/wp-json\/wp\/v2\/comments?post=2172"}],"version-history":[{"count":2,"href":"https:\/\/www.icpriverno.edu.it\/scuola\/wp-json\/wp\/v2\/posts\/2172\/revisions"}],"predecessor-version":[{"id":2227,"href":"https:\/\/www.icpriverno.edu.it\/scuola\/wp-json\/wp\/v2\/posts\/2172\/revisions\/2227"}],"wp:attachment":[{"href":"https:\/\/www.icpriverno.edu.it\/scuola\/wp-json\/wp\/v2\/media?parent=2172"}],"wp:term":[{"taxonomy":"post_tag","embeddable":true,"href":"https:\/\/www.icpriverno.edu.it\/scuola\/wp-json\/wp\/v2\/tags?post=2172"}],"curies":[{"name":"wp","href":"https:\/\/api.w.org\/{rel}","templated":true}]}}