{"id":1819,"date":"2024-05-17T10:58:50","date_gmt":"2024-05-17T08:58:50","guid":{"rendered":"https:\/\/www.icpriverno.edu.it\/scuola\/?p=1819"},"modified":"2024-05-17T11:23:20","modified_gmt":"2024-05-17T09:23:20","slug":"liberatoria-scuola-secondaria-di-i-grado-evento-bimed","status":"publish","type":"post","link":"https:\/\/www.icpriverno.edu.it\/scuola\/liberatoria-scuola-secondaria-di-i-grado-evento-bimed\/","title":{"rendered":"Liberatoria Scuola Secondaria di I grado- evento BIMED"},"content":{"rendered":"<p>Si comunica alle famiglie degli alunni che hanno aderito al concerto \u201cMucis for Mediterranean \u201824\u201d &#8211; BIMED che, nella sezione <a href=\"https:\/\/www.icpriverno.edu.it\/scuola\/dipartimento-musicale\/\">Dipartimento musicale<\/a> del sito, viene pubblicato il modello di liberatoria per la Scuola Secondaria di primo grado da consegnare alla prof.ssa Anita Fantozzi entro e non oltre luned\u00ec 20 maggio 2024. Tale liberatoria dovr\u00e0 essere firmata da entrambi i genitori e consentir\u00e0 il trattamento dei dati personali del proprio- della propria figlia per il solo evento BIMED. Contestualmente \u00e8 necessario comunicare alla stessa professoressa Fantozzi, nel pi\u00f9 breve tempo possibile, eventuali allergie alimentarie\/o di altro genere al fine di procedere alla comunicazione all\u2019ente organizzatore per predisporre una pi\u00f9 sicura permanenza.<\/p>\n","protected":false},"excerpt":{"rendered":"<p>Si comunica alle famiglie degli alunni che hanno aderito al concerto \u201cMucis for Mediterranean \u201824\u201d &#8211; BIMED che, nella sezione Dipartimento musicale del sito, viene pubblicato il modello di liberatoria per la Scuola Secondaria di primo [&hellip;]<\/p>\n","protected":false},"author":4,"featured_media":0,"comment_status":"closed","ping_status":"open","sticky":false,"template":"","format":"standard","meta":{"footnotes":"","_members_access_role":[],"_members_access_error":""},"tags":[525],"class_list":["post-1819","post","type-post","status-publish","format-standard","hentry","tag-notizie","tipologia-articolo-notizie"],"_links":{"self":[{"href":"https:\/\/www.icpriverno.edu.it\/scuola\/wp-json\/wp\/v2\/posts\/1819","targetHints":{"allow":["GET"]}}],"collection":[{"href":"https:\/\/www.icpriverno.edu.it\/scuola\/wp-json\/wp\/v2\/posts"}],"about":[{"href":"https:\/\/www.icpriverno.edu.it\/scuola\/wp-json\/wp\/v2\/types\/post"}],"author":[{"embeddable":true,"href":"https:\/\/www.icpriverno.edu.it\/scuola\/wp-json\/wp\/v2\/users\/4"}],"replies":[{"embeddable":true,"href":"https:\/\/www.icpriverno.edu.it\/scuola\/wp-json\/wp\/v2\/comments?post=1819"}],"version-history":[{"count":3,"href":"https:\/\/www.icpriverno.edu.it\/scuola\/wp-json\/wp\/v2\/posts\/1819\/revisions"}],"predecessor-version":[{"id":1821,"href":"https:\/\/www.icpriverno.edu.it\/scuola\/wp-json\/wp\/v2\/posts\/1819\/revisions\/1821"}],"wp:attachment":[{"href":"https:\/\/www.icpriverno.edu.it\/scuola\/wp-json\/wp\/v2\/media?parent=1819"}],"wp:term":[{"taxonomy":"post_tag","embeddable":true,"href":"https:\/\/www.icpriverno.edu.it\/scuola\/wp-json\/wp\/v2\/tags?post=1819"}],"curies":[{"name":"wp","href":"https:\/\/api.w.org\/{rel}","templated":true}]}}